{"id":3181,"date":"2026-03-06T22:58:13","date_gmt":"2026-03-06T22:58:13","guid":{"rendered":"https:\/\/thesustainability.network\/a-tarifa-de-carbono-da-ue-ja-esta-em-vigor-e-a-maioria-das-empresas-ainda-nao-sabe-o-que-significa-para-elas\/"},"modified":"2026-03-14T16:20:31","modified_gmt":"2026-03-14T16:20:31","slug":"a-tarifa-de-carbono-da-ue-ja-esta-em-vigor-e-a-maioria-das-empresas-ainda-nao-sabe-o-que-significa-para-elas","status":"publish","type":"post","link":"https:\/\/thesustainability.network\/pt-pt\/a-tarifa-de-carbono-da-ue-ja-esta-em-vigor-e-a-maioria-das-empresas-ainda-nao-sabe-o-que-significa-para-elas\/","title":{"rendered":"A tarifa de carbono da UE j\u00e1 est\u00e1 em vigor &#8211; e a maioria das empresas ainda n\u00e3o sabe o que significa para elas"},"content":{"rendered":"\n<p><strong>Em 1 de janeiro de 2026, um novo tipo de custo aparece em todas as declara\u00e7\u00f5es aduaneiras relativas \u00e0s importa\u00e7\u00f5es de produtos com elevada intensidade de carbono para a Uni\u00e3o Europeia.<\/strong><\/p>\n\n<p>N\u00e3o era uma manchete. N\u00e3o havia rel\u00f3gio de contagem decrescente. Mas para milhares de empresas que importam a\u00e7o, alum\u00ednio, cimento, fertilizantes, eletricidade ou hidrog\u00e9nio para os mercados da UE, o Mecanismo de Ajustamento das Emiss\u00f5es de Carbono nas Fronteiras &#8211; CBAM &#8211; entrou na sua fase definitiva de forma silenciosa e permanente.  <\/p>\n\n<p>Isto n\u00e3o \u00e9 um projeto-piloto. N\u00e3o se trata de um exerc\u00edcio de comunica\u00e7\u00e3o. Trata-se de uma obriga\u00e7\u00e3o financeira com san\u00e7\u00f5es reais, certificados reais de compra e uma primeira declara\u00e7\u00e3o anual a apresentar at\u00e9 <strong>30 de setembro de 2027<\/strong> para todas as mercadorias importadas em 2026.  <\/p>\n\n<p>Se a sua empresa importa algum desses produtos para a UE &#8211; ou se os fornece a compradores europeus &#8211; o CBAM afecta os seus custos, a sua cadeia de abastecimento e a sua posi\u00e7\u00e3o competitiva.<\/p>\n\n<p>Eis o que tens de compreender.<\/p>\n\n<hr class=\"wp-block-separator has-alpha-channel-opacity\"\/>\n\n<h3 class=\"wp-block-heading\">O que \u00e9 realmente o CBAM<\/h3>\n\n<p>O mecanismo de ajustamento das emiss\u00f5es de carbono nas fronteiras \u00e9 a tarifa de carbono nas fronteiras da UE. Os fabricantes da UE j\u00e1 pagam as suas emiss\u00f5es de carbono atrav\u00e9s do regime de com\u00e9rcio de licen\u00e7as de emiss\u00e3o da UE (ETS). Sem o CBAM, os importadores de pa\u00edses com regras mais fracas em mat\u00e9ria de clima poderiam fazer um pre\u00e7o inferior ao dos produtores da UE pelo simples facto de os seus custos de carbono serem mais baixos.  <\/p>\n\n<p>A CBAM vem colmatar essa lacuna. Exige que os importadores da UE comprem <strong>certificados CBAM<\/strong> &#8211; ao pre\u00e7o semanal das licen\u00e7as do RCLE-UE &#8211; para cobrir o carbono verificado incorporado nos seus produtos importados. <\/p>\n\n<p>A palavra-chave \u00e9 <em>incorporado<\/em>. N\u00e3o o carbono do transporte mar\u00edtimo. N\u00e3o \u00e9 a pegada corporativa da empresa exportadora. O carbono incorporado no pr\u00f3prio produto durante a produ\u00e7\u00e3o &#8211; as emiss\u00f5es de \u00e2mbito 1 nas instala\u00e7\u00f5es de fabrico.   <\/p>\n\n<p><strong>Atualmente no \u00e2mbito:<\/strong> ferro e a\u00e7o, alum\u00ednio, cimento, fertilizantes, eletricidade, hidrog\u00e9nio.<\/p>\n\n<p><strong>Provavelmente a seguir:<\/strong> produtos qu\u00edmicos, pol\u00edmeros e produtos a jusante de a\u00e7o\/alum\u00ednio a partir de 2028.<\/p>\n\n<hr class=\"wp-block-separator has-alpha-channel-opacity\"\/>\n\n<h3 class=\"wp-block-heading\">A fase de transi\u00e7\u00e3o terminou<\/h3>\n\n<p>De outubro de 2023 a dezembro de 2025, a CBAM esteve num per\u00edodo de transi\u00e7\u00e3o. Os importadores tinham de <em>comunicar<\/em> trimestralmente as suas emiss\u00f5es incorporadas &#8211; mas n\u00e3o havia qualquer consequ\u00eancia financeira. Muitas empresas trataram-no como um exerc\u00edcio de aprendizagem. Algumas quase n\u00e3o se envolveram.   <\/p>\n\n<p>Esse per\u00edodo de gra\u00e7a terminou.<\/p>\n\n<p>A partir de 1 de janeiro de 2026:<\/p>\n\n<ul class=\"wp-block-list\">\n<li>As obriga\u00e7\u00f5es financeiras est\u00e3o activas<\/li>\n\n\n\n<li>Cada tonelada de bens abrangidos importada acima do limiar anual de 50 toneladas implica um custo de carbono<\/li>\n\n\n\n<li>Os importadores que n\u00e3o estejam registados como <strong>Declarantes Autorizados CBAM<\/strong> correm o risco de ver as suas mercadorias bloqueadas nas alf\u00e2ndegas da UE<\/li>\n\n\n\n<li>A san\u00e7\u00e3o para emiss\u00f5es n\u00e3o declaradas ou subdeclaradas \u00e9 de <strong>100 euros por tonelada de CO\u2082<\/strong><\/li>\n<\/ul>\n\n<p>O limiar &#8220;de minimis&#8221; de 50 toneladas introduzido pela simplifica\u00e7\u00e3o Omnibus da UE em outubro de 2025 isenta os importadores mais pequenos &#8211; aproximadamente 90% dos importadores em n\u00famero, mas uma pequena fra\u00e7\u00e3o em volume. Se a tua empresa importa um volume significativo de mercadorias CBAM, est\u00e1s abrangido pelo \u00e2mbito de aplica\u00e7\u00e3o. <\/p>\n\n<hr class=\"wp-block-separator has-alpha-channel-opacity\"\/>\n\n<h3 class=\"wp-block-heading\">O que tens realmente de fazer<\/h3>\n\n<p><strong>Passo 1: Registar como declarante autorizado CBAM<\/strong> O prazo de registo terminou a 31 de mar\u00e7o de 2026. As empresas que se candidataram at\u00e9 esta data podem continuar a importar provisoriamente enquanto a sua candidatura \u00e9 analisada. Se ainda n\u00e3o te registaste, esta \u00e9 a tua a\u00e7\u00e3o mais urgente.  <\/p>\n\n<p>O registo \u00e9 efectuado atrav\u00e9s do <strong>Registo CBAM<\/strong> (taxation-customs.ec.europa.eu), que est\u00e1 ligado \u00e0s autoridades nacionais competentes do teu Estado-Membro da UE.<\/p>\n\n<p><strong>Passo 2: Recolhe os dados de emiss\u00f5es verificadas dos fornecedores<\/strong> \u00c9 aqui que a maioria das empresas tem dificuldades. A CBAM requer dados de emiss\u00f5es ao <em>n\u00edvel da instala\u00e7\u00e3o<\/em> &#8211; n\u00e3o m\u00e9dias da empresa, n\u00e3o benchmarks da ind\u00fastria, se evit\u00e1vel. O teu fornecedor na Turquia, \u00cdndia, Brasil ou China tem de te dar as emiss\u00f5es espec\u00edficas da sua produ\u00e7\u00e3o por tonelada de produto.  <\/p>\n\n<p>Se n\u00e3o puderem ou n\u00e3o quiserem, recorre aos <strong>valores por defeito<\/strong> da UE &#8211; definidos com a maior intensidade de emiss\u00f5es observada globalmente para cada tipo de produto. Na pr\u00e1tica, isso significa pagar o maior custo poss\u00edvel de CBAM. <\/p>\n\n<p><strong>Passo 3: Acompanha e prev\u00ea os custos dos certificados<\/strong> A partir de 1 de fevereiro de 2027, os certificados est\u00e3o dispon\u00edveis para compra atrav\u00e9s da plataforma central da UE, ao pre\u00e7o m\u00e9dio trimestral do RCLE 2026. Ter\u00e1s de ter as tuas emiss\u00f5es incorporadas em 2026 quantificadas antes da compra. <\/p>\n\n<p><strong>Passo 4: Submete a Primeira Declara\u00e7\u00e3o Anual CBAM<\/strong> Prazo: <strong>30 de setembro de 2027<\/strong>, abrangendo todas as importa\u00e7\u00f5es de 2026. Esta \u00e9 a tua primeira declara\u00e7\u00e3o formal de conformidade com a CBAM &#8211; e exigir\u00e1 dados verificados, entrega de certificados e, potencialmente, verifica\u00e7\u00e3o por terceiros. <\/p>\n\n<hr class=\"wp-block-separator has-alpha-channel-opacity\"\/>\n\n<h3 class=\"wp-block-heading\">Porque \u00e9 que isto \u00e9 mais dif\u00edcil do que parece<\/h3>\n\n<p>A maioria das empresas importa de v\u00e1rios pa\u00edses, atrav\u00e9s de v\u00e1rios fornecedores, utilizando v\u00e1rias rotas log\u00edsticas. Cada fornecedor tem uma intensidade de carbono diferente. Cada produto tem um c\u00f3digo NC diferente. Cada pa\u00eds pode ou n\u00e3o ter um mecanismo reconhec\u00edvel de fixa\u00e7\u00e3o de pre\u00e7os do carbono que permita a dedu\u00e7\u00e3o parcial.   <\/p>\n\n<p>Para fazeres isto bem, precisas de:<\/p>\n\n<ul class=\"wp-block-list\">\n<li>Um exerc\u00edcio de mapeamento das emiss\u00f5es da cadeia de abastecimento<\/li>\n\n\n\n<li>Envolve-se com cada fornecedor relevante para obter dados ao n\u00edvel da instala\u00e7\u00e3o<\/li>\n\n\n\n<li>Verifica\u00e7\u00e3o por um verificador independente acreditado (quando utiliza valores reais em vez de valores por defeito)<\/li>\n\n\n\n<li>Integra\u00e7\u00e3o com os teus sistemas aduaneiros e de aprovisionamento<\/li>\n\n\n\n<li>Coordena\u00e7\u00e3o entre as equipas de sustentabilidade, finan\u00e7as, jur\u00eddica e opera\u00e7\u00f5es<\/li>\n<\/ul>\n\n<p>Muitas empresas &#8211; mesmo as grandes &#8211; subestimaram a complexidade durante a fase de transi\u00e7\u00e3o. Enfrentam agora 2026 com dados incompletos, f\u00e1bricas de fornecedores n\u00e3o registadas e sem um processo claro de gest\u00e3o dos custos dos certificados. <\/p>\n\n<hr class=\"wp-block-separator has-alpha-channel-opacity\"\/>\n\n<h3 class=\"wp-block-heading\">A oportunidade oculta: Sinergia de dados CBAM + CSRD<\/h3>\n\n<p>Aqui est\u00e1 algo que falta \u00e0 maioria das empresas: <strong>O CBAM e o CSRD precisam dos mesmos dados subjacentes.<\/strong><\/p>\n\n<p>Se a tua empresa est\u00e1 sujeita ao relat\u00f3rio CSRD (e se est\u00e1s a ler isto, provavelmente est\u00e1s), j\u00e1 est\u00e1s a criar uma infraestrutura de emiss\u00f5es da cadeia de abastecimento de \u00c2mbito 3 para o ESRS E1. Os c\u00e1lculos das emiss\u00f5es incorporadas para o CBAM s\u00e3o essencialmente o mesmo exerc\u00edcio &#8211; \u00c2mbito 3 Categoria 1 (bens adquiridos) &#8211; medido ao n\u00edvel da instala\u00e7\u00e3o. <\/p>\n\n<p>Uma empresa que constr\u00f3i um sistema de dados CBAM adequado construiu efetivamente a sua infraestrutura de comunica\u00e7\u00e3o do \u00e2mbito 3 da cadeia de abastecimento para a CSRD ao mesmo tempo. O investimento serve para ambos. <\/p>\n\n<p>Do mesmo modo, a contabiliza\u00e7\u00e3o do \u00e2mbito 3 do Protocolo GHG, as divulga\u00e7\u00f5es do GRI 305-3, a comunica\u00e7\u00e3o da pegada de carbono da MITECO em Espanha e os indicadores SFDR PAI para os participantes nos mercados financeiros baseiam-se todos no mesmo conjunto de dados de carbono da cadeia de abastecimento.<\/p>\n\n<p><strong>O CBAM n\u00e3o \u00e9 um custo de conformidade isolado. \u00c9 uma fun\u00e7\u00e3o for\u00e7ada para a qualidade dos dados de emiss\u00f5es da cadeia de abastecimento de que todos os outros quadros tamb\u00e9m necessitam. <\/strong><\/p>\n\n<hr class=\"wp-block-separator has-alpha-channel-opacity\"\/>\n\n<h3 class=\"wp-block-heading\">Para os produtores n\u00e3o comunit\u00e1rios: Agora \u00e9 uma quest\u00e3o de vendas<\/h3>\n\n<p>Se a tua empresa fabrica a\u00e7o, alum\u00ednio, fertilizantes, cimento ou hidrog\u00e9nio e vende a compradores da UE, a CBAM j\u00e1 est\u00e1 a afetar as tuas rela\u00e7\u00f5es comerciais.<\/p>\n\n<p>Os importadores da UE est\u00e3o a pagar o teu carbono incorporado. Se conseguires demonstrar uma intensidade de emiss\u00f5es inferior ao padr\u00e3o da UE &#8211; atrav\u00e9s de dados verificados ao n\u00edvel da instala\u00e7\u00e3o &#8211; passas a ser uma op\u00e7\u00e3o <em>mais barata<\/em> para o teu cliente da UE. A tua produ\u00e7\u00e3o com baixo teor de carbono \u00e9 agora uma vantagem em termos de pre\u00e7o e n\u00e3o apenas um argumento de sustentabilidade.  <\/p>\n\n<p>As empresas que investirem agora em dados e verifica\u00e7\u00e3o de emiss\u00f5es de qualidade refor\u00e7ar\u00e3o as rela\u00e7\u00f5es com os clientes da UE e proteger\u00e3o a sua quota de mercado. As empresas que deixarem os seus clientes da UE dependentes de valores por defeito podem ver as decis\u00f5es de aquisi\u00e7\u00e3o mudarem para fornecedores alternativos com menos emiss\u00f5es de carbono. <\/p>\n\n<hr class=\"wp-block-separator has-alpha-channel-opacity\"\/>\n\n<h3 class=\"wp-block-heading\">O horizonte regulat\u00f3rio: A CBAM est\u00e1 a ficar maior<\/h3>\n\n<p>A CBAM, na sua forma atual, abrange seis sectores. Espera-se que a Comiss\u00e3o Europeia: <\/p>\n\n<ul class=\"wp-block-list\">\n<li>Alarga o \u00e2mbito de aplica\u00e7\u00e3o aos bens a jusante e a outros sectores abrangidos pelo RCLE em <strong>2028<\/strong><\/li>\n\n\n\n<li>Acrescenta o CBAM do Reino Unido a partir de <strong>1 de janeiro de 2027<\/strong> (mesmos sectores, estrutura semelhante)<\/li>\n\n\n\n<li>Avan\u00e7a para uma cobertura de 100% dos certificados \u00e0 medida que as licen\u00e7as de emiss\u00e3o gratuitas do RCLE forem sendo completamente eliminadas at\u00e9 <strong>2034<\/strong><\/li>\n<\/ul>\n\n<p>Trata-se de um aumento de 10 anos na exposi\u00e7\u00e3o financeira. As empresas que est\u00e3o agora a criar infra-estruturas de conformidade est\u00e3o a posicionar-se para uma estrutura de custos que s\u00f3 ir\u00e1 aumentar. <\/p>\n\n<hr class=\"wp-block-separator has-alpha-channel-opacity\"\/>\n\n<h3 class=\"wp-block-heading\">Qual \u00e9 a situa\u00e7\u00e3o da tua empresa?<\/h3>\n\n<p>Falamos todas as semanas com empresas que se encontram numa destas situa\u00e7\u00f5es:<\/p>\n\n<ul class=\"wp-block-list\">\n<li>&#x1f624; <em>&#8220;We did the quarterly reports during the transitional phase but have no idea how to manage the financial phase.&#8221;<\/em><\/li>\n\n\n\n<li>&#x2753; <em>&#8220;We don&#8217;t know if we&#8217;re above or below the 50-tonne threshold.&#8221;<\/em><\/li>\n\n\n\n<li>&#x1f4ca; <em>&#8220;Our suppliers have never heard of CBAM and won&#8217;t provide emissions data.&#8221;<\/em><\/li>\n\n\n\n<li>&#x1f465; <em>&#8220;We have one person in sustainability and this is completely outside their expertise.&#8221;<\/em><\/li>\n\n\n\n<li>&#x1f5c2; <em>&#8220;We&#8217;re trying to manage CBAM and CSRD at the same time and have no idea where they overlap.&#8221;<\/em><\/li>\n<\/ul>\n\n<p>If any of these sound familiar, we can help.<\/p>\n\n<p>At <strong>TSN \u2014 The Sustainability Network<\/strong>, we work with companies across Europe and globally to build the data infrastructure, supplier engagement processes, and compliance workflows that CBAM demands \u2014 integrated with CSRD, GHG Protocol, and the broader reporting architecture.<\/p>\n\n<p><strong>Book a free 30-minute session.<\/strong> We&#8217;ll map your exposure, identify your most urgent gaps, and outline a practical roadmap \u2014 no jargon, no obligation.<\/p>\n\n<p>&#x1f449; <a href=\"https:\/\/calendly.com\/tsn-sustainability\/demo\">Schedule your free session at https:\/\/calendly.com\/tsn-sustainability\/demo<\/a><\/p>\n\n<p><\/p>\n\n<p>#CBAM #CarbonBorderAdjustment #Sustainability #ESG #CarbonPrice #ETS #CSRD #SupplyChainEmissions #CarbonLeakage #SustainabilityCompliance #EUGreenDeal #GHGProtocol #Decarbonization #TSN #SustainabilityReporting #ClimatePolicy #CarbonTax<\/p>\n","protected":false},"excerpt":{"rendered":"<p>Em 1 de janeiro de 2026, um novo tipo de custo aparece em todas as declara\u00e7\u00f5es aduaneiras relativas \u00e0s importa\u00e7\u00f5es de produtos com elevada intensidade de carbono para a Uni\u00e3o Europeia. N\u00e3o era uma manchete. N\u00e3o havia rel\u00f3gio de contagem decrescente. Mas para milhares de empresas que importam a\u00e7o, alum\u00ednio, cimento, fertilizantes, eletricidade ou hidrog\u00e9nio [&hellip;]<\/p>\n","protected":false},"author":1,"featured_media":3178,"comment_status":"open","ping_status":"closed","sticky":true,"template":"","format":"standard","meta":{"footnotes":""},"categories":[210,242,65],"tags":[280,281,286,279,79,253,73,282,285,284,283,74,243],"class_list":["post-3181","post","type-post","status-publish","format-standard","has-post-thumbnail","hentry","category-gee","category-legislacao","category-noticias","tag-carbonborderadjustment","tag-carbonprice","tag-carbontax","tag-cbam","tag-csrd-pt-pt","tag-descarbonizacao","tag-esg-pt-pt","tag-ets","tag-eugreendeal","tag-fuga-de-carbono","tag-supplychainemissions","tag-sustentabilidade","tag-sustentabilidaderelatorios"],"_links":{"self":[{"href":"https:\/\/thesustainability.network\/pt-pt\/wp-json\/wp\/v2\/posts\/3181","targetHints":{"allow":["GET"]}}],"collection":[{"href":"https:\/\/thesustainability.network\/pt-pt\/wp-json\/wp\/v2\/posts"}],"about":[{"href":"https:\/\/thesustainability.network\/pt-pt\/wp-json\/wp\/v2\/types\/post"}],"author":[{"embeddable":true,"href":"https:\/\/thesustainability.network\/pt-pt\/wp-json\/wp\/v2\/users\/1"}],"replies":[{"embeddable":true,"href":"https:\/\/thesustainability.network\/pt-pt\/wp-json\/wp\/v2\/comments?post=3181"}],"version-history":[{"count":1,"href":"https:\/\/thesustainability.network\/pt-pt\/wp-json\/wp\/v2\/posts\/3181\/revisions"}],"predecessor-version":[{"id":3182,"href":"https:\/\/thesustainability.network\/pt-pt\/wp-json\/wp\/v2\/posts\/3181\/revisions\/3182"}],"wp:featuredmedia":[{"embeddable":true,"href":"https:\/\/thesustainability.network\/pt-pt\/wp-json\/wp\/v2\/media\/3178"}],"wp:attachment":[{"href":"https:\/\/thesustainability.network\/pt-pt\/wp-json\/wp\/v2\/media?parent=3181"}],"wp:term":[{"taxonomy":"category","embeddable":true,"href":"https:\/\/thesustainability.network\/pt-pt\/wp-json\/wp\/v2\/categories?post=3181"},{"taxonomy":"post_tag","embeddable":true,"href":"https:\/\/thesustainability.network\/pt-pt\/wp-json\/wp\/v2\/tags?post=3181"}],"curies":[{"name":"wp","href":"https:\/\/api.w.org\/{rel}","templated":true}]}}